{"id":750,"date":"2023-03-08T19:27:45","date_gmt":"2023-03-08T18:27:45","guid":{"rendered":"https:\/\/mundoanimal.catedu.es\/?p=750"},"modified":"2023-03-08T19:27:47","modified_gmt":"2023-03-08T18:27:47","slug":"vuelta-a-la-presencialidad-en-el-ies-pablo-serrano","status":"publish","type":"post","link":"https:\/\/mundoanimal.catedu.es\/?p=750","title":{"rendered":"Vuelta a la presencialidad en el IES Pablo Serrano"},"content":{"rendered":"\n<p>Despu\u00e9s de tres cursos vuelve el programa Mundo Animal al IES Pablo Serrano. Invitados por el Departamento de Biolog\u00eda y Geolog\u00eda hemos tratado de complementar los temas dedicados a los animales vertebrados e invertebrados de 1\u00ba de ESO con una rama de la Biolog\u00eda que raras veces queda reflejada en los libros de texto: la etolog\u00eda. Por ello en las diferentes sesiones hemos hablado de capacidades sorprendentes de otros animales, de sus sentimientos y problemas que tienen que afrontar en la naturaleza. Adem\u00e1s hemos buscado la reflexi\u00f3n sobre actitudes que causan da\u00f1o a los otros animales y que podr\u00edamos evitar.<\/p>\n\n\n\n<figure class=\"wp-block-image size-large\"><img loading=\"lazy\" decoding=\"async\" width=\"1024\" height=\"576\" src=\"https:\/\/mundoanimal.catedu.es\/wp-content\/uploads\/sites\/302\/2023\/03\/IES-Pablo-serrano-8-3-2023-1024x576.jpg\" alt=\"\" class=\"wp-image-751\" srcset=\"https:\/\/mundoanimal.catedu.es\/wp-content\/uploads\/sites\/302\/2023\/03\/IES-Pablo-serrano-8-3-2023-1024x576.jpg 1024w, https:\/\/mundoanimal.catedu.es\/wp-content\/uploads\/sites\/302\/2023\/03\/IES-Pablo-serrano-8-3-2023-300x169.jpg 300w, https:\/\/mundoanimal.catedu.es\/wp-content\/uploads\/sites\/302\/2023\/03\/IES-Pablo-serrano-8-3-2023-768x432.jpg 768w, https:\/\/mundoanimal.catedu.es\/wp-content\/uploads\/sites\/302\/2023\/03\/IES-Pablo-serrano-8-3-2023-1536x864.jpg 1536w, https:\/\/mundoanimal.catedu.es\/wp-content\/uploads\/sites\/302\/2023\/03\/IES-Pablo-serrano-8-3-2023.jpg 1920w\" sizes=\"auto, (max-width: 1024px) 100vw, 1024px\" \/><\/figure>\n","protected":false},"excerpt":{"rendered":"<p>Despu\u00e9s de tres cursos vuelve el programa Mundo Animal al IES Pablo Serrano. Invitados por el Departamento de Biolog\u00eda y Geolog\u00eda hemos tratado de complementar los temas dedicados a los animales vertebrados e invertebrados de 1\u00ba de ESO con una<\/p>\n","protected":false},"author":1538,"featured_media":0,"comment_status":"closed","ping_status":"open","sticky":false,"template":"","format":"standard","meta":{"_uag_custom_page_level_css":"","_monsterinsights_skip_tracking":false,"_monsterinsights_sitenote_active":false,"_monsterinsights_sitenote_note":"","_monsterinsights_sitenote_category":0,"footnotes":""},"categories":[4],"tags":[],"class_list":["post-750","post","type-post","status-publish","format-standard","hentry","category-mundo-animal"],"uagb_featured_image_src":{"full":false,"thumbnail":false,"medium":false,"medium_large":false,"large":false,"1536x1536":false,"2048x2048":false,"featured-blog-large":false,"featured-blog-medium":false,"featured":false,"featured-blog-medium-small":false},"uagb_author_info":{"display_name":"coordinadormundoanimal","author_link":"https:\/\/mundoanimal.catedu.es\/?author=1538"},"uagb_comment_info":0,"uagb_excerpt":"Despu\u00e9s de tres cursos vuelve el programa Mundo Animal al IES Pablo Serrano. Invitados por el Departamento de Biolog\u00eda y Geolog\u00eda hemos tratado de complementar los temas dedicados a los animales vertebrados e invertebrados de 1\u00ba de ESO con una","_links":{"self":[{"href":"https:\/\/mundoanimal.catedu.es\/index.php?rest_route=\/wp\/v2\/posts\/750","targetHints":{"allow":["GET"]}}],"collection":[{"href":"https:\/\/mundoanimal.catedu.es\/index.php?rest_route=\/wp\/v2\/posts"}],"about":[{"href":"https:\/\/mundoanimal.catedu.es\/index.php?rest_route=\/wp\/v2\/types\/post"}],"author":[{"embeddable":true,"href":"https:\/\/mundoanimal.catedu.es\/index.php?rest_route=\/wp\/v2\/users\/1538"}],"replies":[{"embeddable":true,"href":"https:\/\/mundoanimal.catedu.es\/index.php?rest_route=%2Fwp%2Fv2%2Fcomments&post=750"}],"version-history":[{"count":1,"href":"https:\/\/mundoanimal.catedu.es\/index.php?rest_route=\/wp\/v2\/posts\/750\/revisions"}],"predecessor-version":[{"id":752,"href":"https:\/\/mundoanimal.catedu.es\/index.php?rest_route=\/wp\/v2\/posts\/750\/revisions\/752"}],"wp:attachment":[{"href":"https:\/\/mundoanimal.catedu.es\/index.php?rest_route=%2Fwp%2Fv2%2Fmedia&parent=750"}],"wp:term":[{"taxonomy":"category","embeddable":true,"href":"https:\/\/mundoanimal.catedu.es\/index.php?rest_route=%2Fwp%2Fv2%2Fcategories&post=750"},{"taxonomy":"post_tag","embeddable":true,"href":"https:\/\/mundoanimal.catedu.es\/index.php?rest_route=%2Fwp%2Fv2%2Ftags&post=750"}],"curies":[{"name":"wp","href":"https:\/\/api.w.org\/{rel}","templated":true}]}}