{"id":710,"date":"2023-02-02T12:33:29","date_gmt":"2023-02-02T11:33:29","guid":{"rendered":"https:\/\/mundoanimal.catedu.es\/?p=710"},"modified":"2023-02-02T12:33:31","modified_gmt":"2023-02-02T11:33:31","slug":"el-colegio-san-vicente-de-paul-y-los-animales-de-nuestro-entorno","status":"publish","type":"post","link":"https:\/\/mundoanimal.catedu.es\/?p=710","title":{"rendered":"El colegio San Vicente de Pa\u00fal y los animales de nuestro entorno"},"content":{"rendered":"\n<p>El alumnado de 3\u00ba de Primaria del colegio San Vicente de Pa\u00fal ha compartido con nosotros preguntas y experiencias que nos han ayudado a reflexionar sobre los otros animales y c\u00f3mo nos relacionamos con ellos. Emma nos ha contado qu\u00e9 hacer si nos encontramos un pollito, Guillermo ayud\u00f3 este verano a un patito que se hab\u00eda perdido y no encontraba a su madre y Antonio nos ha hecho una pregunta que nos ha hecho reflexionar: \u00bfpor qu\u00e9 las personas cuando se hacen mayores dejan de interesarse por los animales? Hemos llegado a la conclusi\u00f3n de que el inter\u00e9s por los animales no deber\u00eda estar relacionado con la edad y que las personas mayores tambi\u00e9n deber\u00edan preocuparse por ellos.<\/p>\n\n\n\n<figure class=\"wp-block-image size-large\"><img loading=\"lazy\" decoding=\"async\" width=\"1024\" height=\"590\" src=\"https:\/\/mundoanimal.catedu.es\/wp-content\/uploads\/sites\/302\/2023\/02\/San-vicente-de-Paul-2023-02-02-1024x590.png\" alt=\"\" class=\"wp-image-711\" srcset=\"https:\/\/mundoanimal.catedu.es\/wp-content\/uploads\/sites\/302\/2023\/02\/San-vicente-de-Paul-2023-02-02-1024x590.png 1024w, https:\/\/mundoanimal.catedu.es\/wp-content\/uploads\/sites\/302\/2023\/02\/San-vicente-de-Paul-2023-02-02-300x173.png 300w, https:\/\/mundoanimal.catedu.es\/wp-content\/uploads\/sites\/302\/2023\/02\/San-vicente-de-Paul-2023-02-02-768x442.png 768w, https:\/\/mundoanimal.catedu.es\/wp-content\/uploads\/sites\/302\/2023\/02\/San-vicente-de-Paul-2023-02-02.png 1070w\" sizes=\"auto, (max-width: 1024px) 100vw, 1024px\" \/><\/figure>\n","protected":false},"excerpt":{"rendered":"<p>El alumnado de 3\u00ba de Primaria del colegio San Vicente de Pa\u00fal ha compartido con nosotros preguntas y experiencias que nos han ayudado a reflexionar sobre los otros animales y c\u00f3mo nos relacionamos con ellos. Emma nos ha contado qu\u00e9<\/p>\n","protected":false},"author":1538,"featured_media":0,"comment_status":"closed","ping_status":"open","sticky":false,"template":"","format":"standard","meta":{"_monsterinsights_skip_tracking":false,"_monsterinsights_sitenote_active":false,"_monsterinsights_sitenote_note":"","_monsterinsights_sitenote_category":0,"footnotes":""},"categories":[4],"tags":[],"class_list":["post-710","post","type-post","status-publish","format-standard","hentry","category-mundo-animal"],"_links":{"self":[{"href":"https:\/\/mundoanimal.catedu.es\/index.php?rest_route=\/wp\/v2\/posts\/710","targetHints":{"allow":["GET"]}}],"collection":[{"href":"https:\/\/mundoanimal.catedu.es\/index.php?rest_route=\/wp\/v2\/posts"}],"about":[{"href":"https:\/\/mundoanimal.catedu.es\/index.php?rest_route=\/wp\/v2\/types\/post"}],"author":[{"embeddable":true,"href":"https:\/\/mundoanimal.catedu.es\/index.php?rest_route=\/wp\/v2\/users\/1538"}],"replies":[{"embeddable":true,"href":"https:\/\/mundoanimal.catedu.es\/index.php?rest_route=%2Fwp%2Fv2%2Fcomments&post=710"}],"version-history":[{"count":1,"href":"https:\/\/mundoanimal.catedu.es\/index.php?rest_route=\/wp\/v2\/posts\/710\/revisions"}],"predecessor-version":[{"id":712,"href":"https:\/\/mundoanimal.catedu.es\/index.php?rest_route=\/wp\/v2\/posts\/710\/revisions\/712"}],"wp:attachment":[{"href":"https:\/\/mundoanimal.catedu.es\/index.php?rest_route=%2Fwp%2Fv2%2Fmedia&parent=710"}],"wp:term":[{"taxonomy":"category","embeddable":true,"href":"https:\/\/mundoanimal.catedu.es\/index.php?rest_route=%2Fwp%2Fv2%2Fcategories&post=710"},{"taxonomy":"post_tag","embeddable":true,"href":"https:\/\/mundoanimal.catedu.es\/index.php?rest_route=%2Fwp%2Fv2%2Ftags&post=710"}],"curies":[{"name":"wp","href":"https:\/\/api.w.org\/{rel}","templated":true}]}}