{"id":703,"date":"2023-02-02T11:31:09","date_gmt":"2023-02-02T10:31:09","guid":{"rendered":"https:\/\/mundoanimal.catedu.es\/?p=703"},"modified":"2023-02-02T11:31:11","modified_gmt":"2023-02-02T10:31:11","slug":"el-ceip-monte-oroel-veterano-en-el-programa-mundo-animal","status":"publish","type":"post","link":"https:\/\/mundoanimal.catedu.es\/?p=703","title":{"rendered":"El CEIP Monte Oroel, veterano en el programa Mundo Animal"},"content":{"rendered":"\n<p>Desde los inicios del programa, el CEIP Monte Oroel de Jaca participa a\u00f1o tras a\u00f1o en Mundo Animal, y es un placer volver a saludar a su alumnado de 5\u00ba o 6\u00ba, cuando ya participaron previamente en a\u00f1os anteriores. Hemos hablado de c\u00f3mo el fr\u00edo extremo de estos d\u00edas repercute en el bienestar de los animales y c\u00f3mo les afectan las grandes nevadas. Y tambi\u00e9n hemos puesto en com\u00fan, entre muchas otras cosas, qu\u00e9 hacer cuando nos encontramos un animal perdido. <\/p>\n\n\n\n<p>En unas sesiones muy participativas, Fiona nos ha contado su experiencia como voluntaria en la protectora Pirineos de Jaca, Mart\u00edn ha compartido su afici\u00f3n por el reconocimiento de aves e Inar nos ha hablado de los animales que m\u00e1s inter\u00e9s le despiertan. <\/p>\n\n\n\n<figure class=\"wp-block-image size-large\"><img loading=\"lazy\" decoding=\"async\" width=\"1024\" height=\"615\" src=\"https:\/\/mundoanimal.catedu.es\/wp-content\/uploads\/sites\/302\/2023\/02\/Captura-de-pantalla-2023-02-01-a-las-12.19.43-1024x615.png\" alt=\"\" class=\"wp-image-706\" srcset=\"https:\/\/mundoanimal.catedu.es\/wp-content\/uploads\/sites\/302\/2023\/02\/Captura-de-pantalla-2023-02-01-a-las-12.19.43-1024x615.png 1024w, https:\/\/mundoanimal.catedu.es\/wp-content\/uploads\/sites\/302\/2023\/02\/Captura-de-pantalla-2023-02-01-a-las-12.19.43-300x180.png 300w, https:\/\/mundoanimal.catedu.es\/wp-content\/uploads\/sites\/302\/2023\/02\/Captura-de-pantalla-2023-02-01-a-las-12.19.43-768x461.png 768w, https:\/\/mundoanimal.catedu.es\/wp-content\/uploads\/sites\/302\/2023\/02\/Captura-de-pantalla-2023-02-01-a-las-12.19.43.png 1325w\" sizes=\"auto, (max-width: 1024px) 100vw, 1024px\" \/><\/figure>\n\n\n\n<figure class=\"wp-block-image size-large\"><img loading=\"lazy\" decoding=\"async\" width=\"1024\" height=\"604\" src=\"https:\/\/mundoanimal.catedu.es\/wp-content\/uploads\/sites\/302\/2023\/02\/Captura-de-pantalla-2023-02-01-a-las-10.55.14-1024x604.png\" alt=\"\" class=\"wp-image-707\" srcset=\"https:\/\/mundoanimal.catedu.es\/wp-content\/uploads\/sites\/302\/2023\/02\/Captura-de-pantalla-2023-02-01-a-las-10.55.14-1024x604.png 1024w, https:\/\/mundoanimal.catedu.es\/wp-content\/uploads\/sites\/302\/2023\/02\/Captura-de-pantalla-2023-02-01-a-las-10.55.14-300x177.png 300w, https:\/\/mundoanimal.catedu.es\/wp-content\/uploads\/sites\/302\/2023\/02\/Captura-de-pantalla-2023-02-01-a-las-10.55.14-768x453.png 768w, https:\/\/mundoanimal.catedu.es\/wp-content\/uploads\/sites\/302\/2023\/02\/Captura-de-pantalla-2023-02-01-a-las-10.55.14.png 1417w\" sizes=\"auto, (max-width: 1024px) 100vw, 1024px\" \/><\/figure>\n\n\n\n<p><\/p>\n","protected":false},"excerpt":{"rendered":"<p>Desde los inicios del programa, el CEIP Monte Oroel de Jaca participa a\u00f1o tras a\u00f1o en Mundo Animal, y es un placer volver a saludar a su alumnado de 5\u00ba o 6\u00ba, cuando ya participaron previamente en a\u00f1os anteriores. Hemos<\/p>\n","protected":false},"author":1538,"featured_media":0,"comment_status":"closed","ping_status":"open","sticky":false,"template":"","format":"standard","meta":{"_monsterinsights_skip_tracking":false,"_monsterinsights_sitenote_active":false,"_monsterinsights_sitenote_note":"","_monsterinsights_sitenote_category":0,"footnotes":""},"categories":[4],"tags":[],"class_list":["post-703","post","type-post","status-publish","format-standard","hentry","category-mundo-animal"],"_links":{"self":[{"href":"https:\/\/mundoanimal.catedu.es\/index.php?rest_route=\/wp\/v2\/posts\/703","targetHints":{"allow":["GET"]}}],"collection":[{"href":"https:\/\/mundoanimal.catedu.es\/index.php?rest_route=\/wp\/v2\/posts"}],"about":[{"href":"https:\/\/mundoanimal.catedu.es\/index.php?rest_route=\/wp\/v2\/types\/post"}],"author":[{"embeddable":true,"href":"https:\/\/mundoanimal.catedu.es\/index.php?rest_route=\/wp\/v2\/users\/1538"}],"replies":[{"embeddable":true,"href":"https:\/\/mundoanimal.catedu.es\/index.php?rest_route=%2Fwp%2Fv2%2Fcomments&post=703"}],"version-history":[{"count":1,"href":"https:\/\/mundoanimal.catedu.es\/index.php?rest_route=\/wp\/v2\/posts\/703\/revisions"}],"predecessor-version":[{"id":708,"href":"https:\/\/mundoanimal.catedu.es\/index.php?rest_route=\/wp\/v2\/posts\/703\/revisions\/708"}],"wp:attachment":[{"href":"https:\/\/mundoanimal.catedu.es\/index.php?rest_route=%2Fwp%2Fv2%2Fmedia&parent=703"}],"wp:term":[{"taxonomy":"category","embeddable":true,"href":"https:\/\/mundoanimal.catedu.es\/index.php?rest_route=%2Fwp%2Fv2%2Fcategories&post=703"},{"taxonomy":"post_tag","embeddable":true,"href":"https:\/\/mundoanimal.catedu.es\/index.php?rest_route=%2Fwp%2Fv2%2Ftags&post=703"}],"curies":[{"name":"wp","href":"https:\/\/api.w.org\/{rel}","templated":true}]}}