{"id":700,"date":"2023-02-02T11:28:58","date_gmt":"2023-02-02T10:28:58","guid":{"rendered":"https:\/\/mundoanimal.catedu.es\/?p=700"},"modified":"2023-02-02T11:29:00","modified_gmt":"2023-02-02T10:29:00","slug":"regresamos-al-ies-la-llitera","status":"publish","type":"post","link":"https:\/\/mundoanimal.catedu.es\/?p=700","title":{"rendered":"Regresamos al IES la Llitera"},"content":{"rendered":"\n<p>Un a\u00f1o mas, esta vez de forma presencial, Lorena y Nino nos han invitado al IES la Llitera. El alumnado de 1\u00ba de ESO, que pronto va a empezar a ver los temas dedicados a los animales vertebrados e invertebrados han abordado a los otros animales desde una perspectiva diferente. \u00bfC\u00f3mo son? \u00bfQu\u00e9 les gusta? \u00bfC\u00f3mo se relacionan entre ellos? \u00bfC\u00f3mo podemos ayudarles?<\/p>\n\n\n\n<p>Alg\u00fan alumno nos ha sorprendido con sus conocimientos sobre los grandes simios ya que sab\u00eda distinguir perfectamente un chimpanc\u00e9 de un bonobo. Otra alumna nos ha contado alguna experiencia que ha tenido donde ha observado animales que lo estaban pasando mal y ha reflexionado sobre lo que es el maltrato animal y el bienestar animal.<\/p>\n\n\n\n<figure class=\"wp-block-image size-large\"><img loading=\"lazy\" decoding=\"async\" width=\"1024\" height=\"460\" src=\"https:\/\/mundoanimal.catedu.es\/wp-content\/uploads\/sites\/302\/2023\/02\/1-2-23-Tamarite-de-Litera-1024x460.jpg\" alt=\"\" class=\"wp-image-704\" srcset=\"https:\/\/mundoanimal.catedu.es\/wp-content\/uploads\/sites\/302\/2023\/02\/1-2-23-Tamarite-de-Litera-1024x460.jpg 1024w, https:\/\/mundoanimal.catedu.es\/wp-content\/uploads\/sites\/302\/2023\/02\/1-2-23-Tamarite-de-Litera-300x135.jpg 300w, https:\/\/mundoanimal.catedu.es\/wp-content\/uploads\/sites\/302\/2023\/02\/1-2-23-Tamarite-de-Litera-768x345.jpg 768w, https:\/\/mundoanimal.catedu.es\/wp-content\/uploads\/sites\/302\/2023\/02\/1-2-23-Tamarite-de-Litera-1536x690.jpg 1536w, https:\/\/mundoanimal.catedu.es\/wp-content\/uploads\/sites\/302\/2023\/02\/1-2-23-Tamarite-de-Litera.jpg 1600w\" sizes=\"auto, (max-width: 1024px) 100vw, 1024px\" \/><\/figure>\n","protected":false},"excerpt":{"rendered":"<p>Un a\u00f1o mas, esta vez de forma presencial, Lorena y Nino nos han invitado al IES la Llitera. El alumnado de 1\u00ba de ESO, que pronto va a empezar a ver los temas dedicados a los animales vertebrados e invertebrados<\/p>\n","protected":false},"author":1538,"featured_media":0,"comment_status":"closed","ping_status":"open","sticky":false,"template":"","format":"standard","meta":{"_uag_custom_page_level_css":"","_monsterinsights_skip_tracking":false,"_monsterinsights_sitenote_active":false,"_monsterinsights_sitenote_note":"","_monsterinsights_sitenote_category":0,"footnotes":""},"categories":[4],"tags":[],"class_list":["post-700","post","type-post","status-publish","format-standard","hentry","category-mundo-animal"],"uagb_featured_image_src":{"full":false,"thumbnail":false,"medium":false,"medium_large":false,"large":false,"1536x1536":false,"2048x2048":false,"featured-blog-large":false,"featured-blog-medium":false,"featured":false,"featured-blog-medium-small":false},"uagb_author_info":{"display_name":"coordinadormundoanimal","author_link":"https:\/\/mundoanimal.catedu.es\/?author=1538"},"uagb_comment_info":0,"uagb_excerpt":"Un a\u00f1o mas, esta vez de forma presencial, Lorena y Nino nos han invitado al IES la Llitera. El alumnado de 1\u00ba de ESO, que pronto va a empezar a ver los temas dedicados a los animales vertebrados e invertebrados","_links":{"self":[{"href":"https:\/\/mundoanimal.catedu.es\/index.php?rest_route=\/wp\/v2\/posts\/700","targetHints":{"allow":["GET"]}}],"collection":[{"href":"https:\/\/mundoanimal.catedu.es\/index.php?rest_route=\/wp\/v2\/posts"}],"about":[{"href":"https:\/\/mundoanimal.catedu.es\/index.php?rest_route=\/wp\/v2\/types\/post"}],"author":[{"embeddable":true,"href":"https:\/\/mundoanimal.catedu.es\/index.php?rest_route=\/wp\/v2\/users\/1538"}],"replies":[{"embeddable":true,"href":"https:\/\/mundoanimal.catedu.es\/index.php?rest_route=%2Fwp%2Fv2%2Fcomments&post=700"}],"version-history":[{"count":1,"href":"https:\/\/mundoanimal.catedu.es\/index.php?rest_route=\/wp\/v2\/posts\/700\/revisions"}],"predecessor-version":[{"id":705,"href":"https:\/\/mundoanimal.catedu.es\/index.php?rest_route=\/wp\/v2\/posts\/700\/revisions\/705"}],"wp:attachment":[{"href":"https:\/\/mundoanimal.catedu.es\/index.php?rest_route=%2Fwp%2Fv2%2Fmedia&parent=700"}],"wp:term":[{"taxonomy":"category","embeddable":true,"href":"https:\/\/mundoanimal.catedu.es\/index.php?rest_route=%2Fwp%2Fv2%2Fcategories&post=700"},{"taxonomy":"post_tag","embeddable":true,"href":"https:\/\/mundoanimal.catedu.es\/index.php?rest_route=%2Fwp%2Fv2%2Ftags&post=700"}],"curies":[{"name":"wp","href":"https:\/\/api.w.org\/{rel}","templated":true}]}}