{"id":690,"date":"2023-01-26T15:53:28","date_gmt":"2023-01-26T14:53:28","guid":{"rendered":"https:\/\/mundoanimal.catedu.es\/?p=690"},"modified":"2023-01-26T15:53:30","modified_gmt":"2023-01-26T14:53:30","slug":"el-alumnado-del-ceip-ramon-y-cajal-de-alpartir-se-interesa-por-las-emociones-de-los-animales","status":"publish","type":"post","link":"https:\/\/mundoanimal.catedu.es\/?p=690","title":{"rendered":"El alumnado del CEIP Ram\u00f3n y Cajal de Alpartir se interesa por las emociones de los animales"},"content":{"rendered":"\n<p>\u00bfCrees que las emociones son algo exclusivo de los seres humanos? \u00bfPueden los dem\u00e1s animales sentir alegr\u00eda, tristeza, rabia o diversi\u00f3n? Sobre estas preguntas hemos estado debatiendo con el alumnado de 4\u00ba a 6\u00ba de Primaria del CEIP Ram\u00f3n y Cajal de Alpartir, quienes han mostrado mucha curiosidad e inter\u00e9s por la forma en que los animales se muestran antes situaciones positivas y negativas. <\/p>\n\n\n\n<p>Tambi\u00e9n han puesto en com\u00fan sus experiencias en sus pueblos con los gatos callejeros, la adopci\u00f3n de Zeus u otras historias de las que han sido protagonistas. <\/p>\n\n\n\n<figure class=\"wp-block-image aligncenter size-large\"><img loading=\"lazy\" decoding=\"async\" width=\"1024\" height=\"576\" src=\"https:\/\/mundoanimal.catedu.es\/wp-content\/uploads\/sites\/302\/2023\/01\/PXL_20230126_125150855-1024x576.jpg\" alt=\"\" class=\"wp-image-691\" srcset=\"https:\/\/mundoanimal.catedu.es\/wp-content\/uploads\/sites\/302\/2023\/01\/PXL_20230126_125150855-1024x576.jpg 1024w, https:\/\/mundoanimal.catedu.es\/wp-content\/uploads\/sites\/302\/2023\/01\/PXL_20230126_125150855-300x169.jpg 300w, https:\/\/mundoanimal.catedu.es\/wp-content\/uploads\/sites\/302\/2023\/01\/PXL_20230126_125150855-768x432.jpg 768w, https:\/\/mundoanimal.catedu.es\/wp-content\/uploads\/sites\/302\/2023\/01\/PXL_20230126_125150855-1536x864.jpg 1536w, https:\/\/mundoanimal.catedu.es\/wp-content\/uploads\/sites\/302\/2023\/01\/PXL_20230126_125150855-2048x1152.jpg 2048w\" sizes=\"auto, (max-width: 1024px) 100vw, 1024px\" \/><\/figure>\n","protected":false},"excerpt":{"rendered":"<p>\u00bfCrees que las emociones son algo exclusivo de los seres humanos? \u00bfPueden los dem\u00e1s animales sentir alegr\u00eda, tristeza, rabia o diversi\u00f3n? Sobre estas preguntas hemos estado debatiendo con el alumnado de 4\u00ba a 6\u00ba de Primaria del CEIP Ram\u00f3n y<\/p>\n","protected":false},"author":1538,"featured_media":0,"comment_status":"closed","ping_status":"open","sticky":false,"template":"","format":"standard","meta":{"_uag_custom_page_level_css":"","_monsterinsights_skip_tracking":false,"_monsterinsights_sitenote_active":false,"_monsterinsights_sitenote_note":"","_monsterinsights_sitenote_category":0,"footnotes":""},"categories":[4],"tags":[],"class_list":["post-690","post","type-post","status-publish","format-standard","hentry","category-mundo-animal"],"uagb_featured_image_src":{"full":false,"thumbnail":false,"medium":false,"medium_large":false,"large":false,"1536x1536":false,"2048x2048":false,"featured-blog-large":false,"featured-blog-medium":false,"featured":false,"featured-blog-medium-small":false},"uagb_author_info":{"display_name":"coordinadormundoanimal","author_link":"https:\/\/mundoanimal.catedu.es\/?author=1538"},"uagb_comment_info":0,"uagb_excerpt":"\u00bfCrees que las emociones son algo exclusivo de los seres humanos? \u00bfPueden los dem\u00e1s animales sentir alegr\u00eda, tristeza, rabia o diversi\u00f3n? Sobre estas preguntas hemos estado debatiendo con el alumnado de 4\u00ba a 6\u00ba de Primaria del CEIP Ram\u00f3n y","_links":{"self":[{"href":"https:\/\/mundoanimal.catedu.es\/index.php?rest_route=\/wp\/v2\/posts\/690","targetHints":{"allow":["GET"]}}],"collection":[{"href":"https:\/\/mundoanimal.catedu.es\/index.php?rest_route=\/wp\/v2\/posts"}],"about":[{"href":"https:\/\/mundoanimal.catedu.es\/index.php?rest_route=\/wp\/v2\/types\/post"}],"author":[{"embeddable":true,"href":"https:\/\/mundoanimal.catedu.es\/index.php?rest_route=\/wp\/v2\/users\/1538"}],"replies":[{"embeddable":true,"href":"https:\/\/mundoanimal.catedu.es\/index.php?rest_route=%2Fwp%2Fv2%2Fcomments&post=690"}],"version-history":[{"count":1,"href":"https:\/\/mundoanimal.catedu.es\/index.php?rest_route=\/wp\/v2\/posts\/690\/revisions"}],"predecessor-version":[{"id":692,"href":"https:\/\/mundoanimal.catedu.es\/index.php?rest_route=\/wp\/v2\/posts\/690\/revisions\/692"}],"wp:attachment":[{"href":"https:\/\/mundoanimal.catedu.es\/index.php?rest_route=%2Fwp%2Fv2%2Fmedia&parent=690"}],"wp:term":[{"taxonomy":"category","embeddable":true,"href":"https:\/\/mundoanimal.catedu.es\/index.php?rest_route=%2Fwp%2Fv2%2Fcategories&post=690"},{"taxonomy":"post_tag","embeddable":true,"href":"https:\/\/mundoanimal.catedu.es\/index.php?rest_route=%2Fwp%2Fv2%2Ftags&post=690"}],"curies":[{"name":"wp","href":"https:\/\/api.w.org\/{rel}","templated":true}]}}