{"id":1190,"date":"2024-03-13T12:11:17","date_gmt":"2024-03-13T11:11:17","guid":{"rendered":"https:\/\/mundoanimal.catedu.es\/?p=1190"},"modified":"2024-03-13T12:11:18","modified_gmt":"2024-03-13T11:11:18","slug":"las-aves-y-los-efectos-del-cambio-climatico-en-el-ies-comunidad-de-daroca","status":"publish","type":"post","link":"https:\/\/mundoanimal.catedu.es\/?p=1190","title":{"rendered":"Las aves y los efectos del cambio clim\u00e1tico, en el IES Comunidad de Daroca"},"content":{"rendered":"\n<p>Si en alguna zona se aprecia bien c\u00f3mo las alteraciones del clima est\u00e1n afectando a los animales salvajes es en la laguna de Gallocanta. Por eso, hoy en el IES de Daroca hemos puesto en com\u00fan c\u00f3mo las grullas est\u00e1n viviendo esta situaci\u00f3n, c\u00f3mo les afecta que cada vez haya menos agua en la laguna y c\u00f3mo estos inviernos cada vez m\u00e1s c\u00e1lidos alteran sus migraciones. <\/p>\n\n\n\n<p>Con la participaci\u00f3n del alumnado de 1\u00baESO y en su clase de Biolog\u00eda y Geolog\u00eda, nos hemos puesto en el lugar de los animales y hemos reflexionado sobre c\u00f3mo afectan las cat\u00e1strofes naturales, los incendios y muchas acciones humanas que podr\u00edamos evitar y que a su vez supondr\u00eda una mejora en la calidad de vida los animales y tambi\u00e9n de nuestra convivencia con ellos. <\/p>\n\n\n\n<figure class=\"wp-block-image aligncenter size-large\"><img loading=\"lazy\" decoding=\"async\" width=\"1024\" height=\"768\" src=\"https:\/\/mundoanimal.catedu.es\/wp-content\/uploads\/sites\/302\/2024\/03\/Daroca-1024x768.jpeg\" alt=\"\" class=\"wp-image-1191\" srcset=\"https:\/\/mundoanimal.catedu.es\/wp-content\/uploads\/sites\/302\/2024\/03\/Daroca-1024x768.jpeg 1024w, https:\/\/mundoanimal.catedu.es\/wp-content\/uploads\/sites\/302\/2024\/03\/Daroca-300x225.jpeg 300w, https:\/\/mundoanimal.catedu.es\/wp-content\/uploads\/sites\/302\/2024\/03\/Daroca-768x576.jpeg 768w, https:\/\/mundoanimal.catedu.es\/wp-content\/uploads\/sites\/302\/2024\/03\/Daroca-1536x1152.jpeg 1536w, https:\/\/mundoanimal.catedu.es\/wp-content\/uploads\/sites\/302\/2024\/03\/Daroca.jpeg 2048w\" sizes=\"auto, (max-width: 1024px) 100vw, 1024px\" \/><\/figure>\n","protected":false},"excerpt":{"rendered":"<p>Si en alguna zona se aprecia bien c\u00f3mo las alteraciones del clima est\u00e1n afectando a los animales salvajes es en la laguna de Gallocanta. Por eso, hoy en el IES de Daroca hemos puesto en com\u00fan c\u00f3mo las grullas est\u00e1n<\/p>\n","protected":false},"author":1538,"featured_media":0,"comment_status":"closed","ping_status":"open","sticky":false,"template":"","format":"standard","meta":{"_monsterinsights_skip_tracking":false,"_monsterinsights_sitenote_active":false,"_monsterinsights_sitenote_note":"","_monsterinsights_sitenote_category":0,"footnotes":""},"categories":[4],"tags":[],"class_list":["post-1190","post","type-post","status-publish","format-standard","hentry","category-mundo-animal"],"_links":{"self":[{"href":"https:\/\/mundoanimal.catedu.es\/index.php?rest_route=\/wp\/v2\/posts\/1190","targetHints":{"allow":["GET"]}}],"collection":[{"href":"https:\/\/mundoanimal.catedu.es\/index.php?rest_route=\/wp\/v2\/posts"}],"about":[{"href":"https:\/\/mundoanimal.catedu.es\/index.php?rest_route=\/wp\/v2\/types\/post"}],"author":[{"embeddable":true,"href":"https:\/\/mundoanimal.catedu.es\/index.php?rest_route=\/wp\/v2\/users\/1538"}],"replies":[{"embeddable":true,"href":"https:\/\/mundoanimal.catedu.es\/index.php?rest_route=%2Fwp%2Fv2%2Fcomments&post=1190"}],"version-history":[{"count":1,"href":"https:\/\/mundoanimal.catedu.es\/index.php?rest_route=\/wp\/v2\/posts\/1190\/revisions"}],"predecessor-version":[{"id":1192,"href":"https:\/\/mundoanimal.catedu.es\/index.php?rest_route=\/wp\/v2\/posts\/1190\/revisions\/1192"}],"wp:attachment":[{"href":"https:\/\/mundoanimal.catedu.es\/index.php?rest_route=%2Fwp%2Fv2%2Fmedia&parent=1190"}],"wp:term":[{"taxonomy":"category","embeddable":true,"href":"https:\/\/mundoanimal.catedu.es\/index.php?rest_route=%2Fwp%2Fv2%2Fcategories&post=1190"},{"taxonomy":"post_tag","embeddable":true,"href":"https:\/\/mundoanimal.catedu.es\/index.php?rest_route=%2Fwp%2Fv2%2Ftags&post=1190"}],"curies":[{"name":"wp","href":"https:\/\/api.w.org\/{rel}","templated":true}]}}